{"id":19213,"date":"2024-07-03T21:42:42","date_gmt":"2024-07-03T21:42:42","guid":{"rendered":"https:\/\/assist.com.co\/?p=19213"},"modified":"2026-02-25T15:21:34","modified_gmt":"2026-02-25T15:21:34","slug":"inteligencia-artificial-en-los-negocios-de-america-latina","status":"publish","type":"post","link":"https:\/\/assist.com.co\/en\/2024\/07\/03\/inteligencia-artificial-en-los-negocios-de-america-latina\/","title":{"rendered":"La adopci\u00f3n de la Inteligencia Artificial en los negocios"},"content":{"rendered":"<div class=\"et_pb_section_0 et_pb_section et_section_regular et_block_section preset--module--divi-section--default\"><div class=\"et_pb_row_0 et_pb_row et_block_row\"><div class=\"et_pb_column_0 et_pb_column et_pb_column_4_4 et-last-child et_block_column et_pb_css_mix_blend_mode_passthrough\"><div class=\"et_pb_text_0 et_pb_text et_pb_bg_layout_light et_pb_module et_block_module\"><div class=\"et_pb_text_inner\"><blockquote>\n<h4 style=\"text-align: justify;\"><em><strong>Santiago<\/strong><strong>, marzo 20 de 2024 \u2013<\/strong>\u00a0Una nueva investigaci\u00f3n realizada por Morning Consult para IBM (NYSE: IBM), llamada IBM Global AI Adoption Index 2023, encontr\u00f3 que las organizaciones de Latinoam\u00e9rica con m\u00e1s de 1.000 empleados agilizaron la implementaci\u00f3n de Inteligencia Artificial (IA). De hecho, 67% de los profesionales de tecnolog\u00eda de Argentina, Brasil, Chile, Colombia, M\u00e9xico y Per\u00fa dijeron que sus organizaciones aceleraron el uso de IA en los \u00faltimos 24 meses. Esta cifra est\u00e1 por encima de la media mundial, que es del 59%.<\/em><\/h4>\n<\/blockquote>\n<\/div><\/div><\/div><\/div><div class=\"et_pb_row_1 et_pb_row et_block_row\"><div class=\"et_pb_column_1 et_pb_column et_pb_column_4_4 et-last-child et_block_column et_pb_css_mix_blend_mode_passthrough\"><div class=\"et_pb_text_1 et_pb_text et_pb_bg_layout_light et_pb_module et_block_module\"><div class=\"et_pb_text_inner\"><h4 style=\"text-align: justify;\"><span>\u201cEn la regi\u00f3n, estamos viendo a las empresas de todos los sectores y tama\u00f1os pasar de la experimentaci\u00f3n con IA a la realizaci\u00f3n de nuevas inversiones, para aprovechar a\u00fan m\u00e1s los beneficios que aporta. Esto demuestra la gran oportunidad que existe para explorar nuevos casos de uso, aprovechando las mejoras que puede generar, manteniendo la confianza y la gobernanza en el centro, co-creando con el ecosistema y empoderando a los profesionales para construir juntos el futuro. El potencial es inmenso\u201d, dijo Tonny Martins, Gerente General de IBM Latinoamerica.<\/span><span><\/span><\/h4>\n<h4 style=\"text-align: justify;\"><span>La investigaci\u00f3n tambi\u00e9n muestra que las empresas latinoamericanas est\u00e1n abiertas al uso de IA generativa: 37% de ellas implementando activamente esta tecnolog\u00eda y 45% explor\u00e1ndola.<\/span><\/h4>\n<\/div><\/div><\/div><\/div><div class=\"et_pb_row_2 et_pb_row et_block_row\"><div class=\"et_pb_column_2 et_pb_column et_pb_column_4_4 et-last-child et_block_column et_pb_css_mix_blend_mode_passthrough\"><div class=\"et_pb_text_2 et_pb_text et_pb_bg_layout_light et_pb_module et_block_module\"><div class=\"et_pb_text_inner\"><h3><span style=\"color: #3366ff;\"><strong>Otros de los hallazgos m\u00e1s importantes incluyen:<\/strong><\/span><\/h3>\n<\/div><\/div><div class=\"et_pb_divider_0 et_pb_divider et_pb_space et_pb_divider_position_top et_pb_module\"><div class=\"et_pb_divider_internal\"><\/div><\/div><\/div><\/div><div class=\"et_pb_row_3 et_pb_row et_block_row\"><div class=\"et_pb_column_3 et_pb_column et_pb_column_1_2 et_block_column et_pb_css_mix_blend_mode_passthrough\"><div class=\"et_pb_image_0 et_pb_image et_pb_module et_block_module\"><span class=\"et_pb_image_wrap\"><img loading=\"lazy\" decoding=\"async\" src=\"https:\/\/assist.com.co\/wp-content\/uploads\/2024\/07\/america-latina.png\" width=\"1200\" height=\"1200\" srcset=\"https:\/\/assist.com.co\/wp-content\/uploads\/2024\/07\/america-latina.png 1200w, https:\/\/assist.com.co\/wp-content\/uploads\/2024\/07\/america-latina-980x980.png 980w, https:\/\/assist.com.co\/wp-content\/uploads\/2024\/07\/america-latina-480x480.png 480w\" sizes=\"(min-width: 0px) and (max-width: 480px) 480px, (min-width: 481px) and (max-width: 980px) 980px, (min-width: 981px) 1200px, 100vw\" class=\"wp-image-19217\" title=\"america-latina\" alt=\"america-latina\" \/><\/span><\/div><\/div><div class=\"et_pb_column_4 et_pb_column et_pb_column_1_2 et-last-child et_block_column et_pb_css_mix_blend_mode_passthrough\"><div class=\"et_pb_text_3 et_pb_text et_pb_bg_layout_light et_pb_module et_block_module\"><div class=\"et_pb_text_inner\"><h3 style=\"text-align: justify;\">Las grandes empresas <strong>(+1.000 empleados)<\/strong> en Am\u00e9rica Latina han acelerado la<strong> integraci\u00f3n de la IA<\/strong> en un <span style=\"color: #3366ff;\"><strong>67%<\/strong><\/span> en los \u00faltimos 2 a\u00f1os.<\/h3>\n<\/div><\/div><div class=\"et_pb_circle_counter_0 et_pb_circle_counter et_pb_with_title et_pb_bg_layout_light et_pb_text_align_center container-width-change-notify et_pb_module et_block_module\"><div class=\"et_pb_circle_counter_inner\"><div class=\"percent\"><p><span class=\"percent-value\"><\/span><span class=\"percent-sign\">%<\/span><\/p><\/div><h3 class=\"et_pb_module_header\">Promedio global 59%<\/h3><\/div><\/div><\/div><\/div><div class=\"et_pb_row_4 et_pb_row et_block_row\"><div class=\"et_pb_column_5 et_pb_column et_pb_column_2_5 et_block_column et_pb_css_mix_blend_mode_passthrough\"><div class=\"et_pb_circle_counter_1 et_pb_circle_counter et_pb_bg_layout_light et_pb_text_align_center container-width-change-notify et_pb_module et_block_module\"><div class=\"et_pb_circle_counter_inner\"><div class=\"percent\"><p><span class=\"percent-value\"><\/span><span class=\"percent-sign\">%<\/span><\/p><\/div><\/div><\/div><\/div><div class=\"et_pb_column_6 et_pb_column et_pb_column_3_5 et-last-child et_block_column et_pb_css_mix_blend_mode_passthrough\"><div class=\"et_pb_text_4 et_pb_text et_pb_bg_layout_light et_pb_module et_block_module\"><div class=\"et_pb_text_inner\"><h3>El 37% de las compa\u00f1\u00edas de la regi\u00f3n est\u00e1n implementando activamente<br \/>IA Generativa.<\/h3>\n<\/div><\/div><div class=\"et_pb_image_1 et_pb_image et_pb_module et_block_module\"><span class=\"et_pb_image_wrap\"><img loading=\"lazy\" decoding=\"async\" src=\"https:\/\/assist.com.co\/wp-content\/uploads\/2024\/07\/ia-generativa.png\" width=\"1080\" height=\"193\" srcset=\"https:\/\/assist.com.co\/wp-content\/uploads\/2024\/07\/ia-generativa.png 1080w, https:\/\/assist.com.co\/wp-content\/uploads\/2024\/07\/ia-generativa-980x175.png 980w, https:\/\/assist.com.co\/wp-content\/uploads\/2024\/07\/ia-generativa-480x86.png 480w\" sizes=\"(min-width: 0px) and (max-width: 480px) 480px, (min-width: 481px) and (max-width: 980px) 980px, (min-width: 981px) 1080px, 100vw\" class=\"wp-image-19218\" title=\"ia-generativa\" alt=\"ia-generativa\" \/><\/span><\/div><\/div><\/div><div class=\"et_pb_row_5 et_pb_row et_block_row\"><div class=\"et_pb_column_7 et_pb_column et_pb_column_2_3 et_block_column et_pb_css_mix_blend_mode_passthrough\"><div class=\"et_pb_text_5 et_pb_text et_pb_bg_layout_light et_pb_module et_block_module\"><div class=\"et_pb_text_inner\"><h4>The <span style=\"color: #3366ff;\">45%<\/span> de las compa\u00f1\u00edas de la regi\u00f3n est\u00e1n explorando la IA Generativa.<\/h4>\n<\/div><\/div><\/div><div class=\"et_pb_column_8 et_pb_column et_pb_column_1_3 et-last-child et_block_column et_pb_css_mix_blend_mode_passthrough\"><div class=\"et_pb_circle_counter_2 et_pb_circle_counter et_pb_bg_layout_light et_pb_text_align_center container-width-change-notify et_pb_module et_block_module\"><div class=\"et_pb_circle_counter_inner\"><div class=\"percent\"><p><span class=\"percent-value\"><\/span><span class=\"percent-sign\">%<\/span><\/p><\/div><\/div><\/div><\/div><\/div><div class=\"et_pb_row_6 et_pb_row et_block_row\"><div class=\"et_pb_column_9 et_pb_column et_pb_column_4_4 et-last-child et_block_column et_pb_css_mix_blend_mode_passthrough\"><div class=\"et_pb_cta_0 et_pb_promo et_pb_bg_layout_dark et_pb_module et_block_module\"><div class=\"et_pb_promo_description\"><div class=\"et_pb_promo_content\"><h3 style=\"text-align: justify;\"><em>\u00bfQuieres saber c\u00f3mo la inteligencia artificial puede transformar tu empresa? Cont\u00e1ctanos para una consulta gratuita y descubre c\u00f3mo implementar soluciones de IA hoy mismo.<\/em><\/h3>\n<\/div><\/div><div class=\"et_pb_button_wrapper\"><a class=\"et_pb_button et_pb_promo_button\" href=\"https:\/\/assist.com.co\/en\/solicitudes\/\">CONTACT US<\/a><\/div><\/div><\/div><\/div><div class=\"et_pb_row_7 et_pb_row et_block_row\"><div class=\"et_pb_column_10 et_pb_column et_pb_column_1_3 et_block_column et_pb_css_mix_blend_mode_passthrough\"><div class=\"et_pb_text_6 et_pb_text et_pb_bg_layout_light et_pb_module et_block_module\"><div class=\"et_pb_text_inner\"><h4 style=\"text-align: justify;\">The <span style=\"color: #3366ff;\">90%<\/span> de los encuestados coincide en que los consumidores prefieren servicios de empresas que ofrecen transparencia y \u00e9tica en el manejo de datos y modelos de IA.<\/h4>\n<\/div><\/div><\/div><div class=\"et_pb_column_11 et_pb_column et_pb_column_2_3 et-last-child et_block_column et_pb_css_mix_blend_mode_passthrough\"><div class=\"et_pb_circle_counter_3 et_pb_circle_counter et_pb_bg_layout_light et_pb_text_align_center container-width-change-notify et_pb_module et_block_module\"><div class=\"et_pb_circle_counter_inner\"><div class=\"percent\"><p><span class=\"percent-value\"><\/span><span class=\"percent-sign\">%<\/span><\/p><\/div><\/div><\/div><\/div><\/div><div class=\"et_pb_row_8 et_pb_row et_block_row\"><div class=\"et_pb_column_12 et_pb_column et_pb_column_1_2 et_block_column et_pb_css_mix_blend_mode_passthrough\"><div class=\"et_pb_text_7 et_pb_text et_pb_bg_layout_light et_pb_module et_block_module\"><div class=\"et_pb_text_inner\"><h4 style=\"text-align: justify;\"><span style=\"color: #3366ff;\">38%<\/span> de las empresas de Latinoam\u00e9rica planean invertir en capacitaci\u00f3n y desarrollo de la fuerza laboral durante los pr\u00f3ximos <span style=\"color: #3366ff;\">12 meses<\/span>.<\/h4>\n<\/div><\/div><\/div><div class=\"et_pb_column_13 et_pb_column et_pb_column_1_2 et-last-child et_block_column et_pb_css_mix_blend_mode_passthrough\"><div class=\"et_pb_circle_counter_4 et_pb_circle_counter et_pb_bg_layout_light et_pb_text_align_center container-width-change-notify et_pb_module et_block_module\"><div class=\"et_pb_circle_counter_inner\"><div class=\"percent\"><p><span class=\"percent-value\"><\/span><span class=\"percent-sign\">%<\/span><\/p><\/div><\/div><\/div><\/div><\/div><div class=\"et_pb_row_9 et_pb_row et_block_row\"><div class=\"et_pb_column_14 et_pb_column et_pb_column_4_4 et-last-child et_block_column et_pb_css_mix_blend_mode_passthrough\"><div class=\"et_pb_text_8 et_pb_text et_pb_bg_layout_light et_pb_module et_block_module\"><div class=\"et_pb_text_inner\"><h2><span style=\"color: #3366ff;\"><strong><em>\u00bfEn qu\u00e9 se usa la IA en Am\u00e9rica Latina?<\/em><\/strong><\/span><\/h2>\n<\/div><\/div><div class=\"et_pb_divider_1 et_pb_divider et_pb_space et_pb_divider_position_top et_pb_module\"><div class=\"et_pb_divider_internal\"><\/div><\/div><\/div><\/div><div class=\"et_pb_row_10 et_pb_row et_block_row\"><div class=\"et_pb_column_15 et_pb_column et_pb_column_2_5 et_block_column et_pb_css_mix_blend_mode_passthrough\"><div class=\"et_pb_text_9 et_pb_text et_pb_bg_layout_light et_pb_module et_block_module\"><div class=\"et_pb_text_inner\"><h3 style=\"text-align: justify;\">Las compa\u00f1\u00edas se\u00f1alan que el uso de IA tiene foco en:<\/h3>\n<\/div><\/div><\/div><div class=\"et_pb_column_16 et_pb_column et_pb_column_3_5 et-last-child et_block_column et_pb_css_mix_blend_mode_passthrough\"><ul class=\"et_pb_counters_0 et_pb_counters et-waypoint et_pb_bg_layout_light et_pb_module et_block_module\"><li class=\"et_pb_counter_0 et_pb_counter\"><span class=\"et_pb_counter_title\">Digital Labor<\/span><span class=\"et_pb_counter_container\"><span class=\"et_pb_counter_amount\" data-width=\"39%\"><span class=\"et_pb_counter_amount_number\"><span class=\"et_pb_counter_amount_number_inner\">39%<\/span><\/span><\/span><span class=\"et_pb_counter_amount overlay\" data-width=\"39%\"><span class=\"et_pb_counter_amount_number\"><span class=\"et_pb_counter_amount_number_inner\">39%<\/span><\/span><\/span><\/span><\/li><li class=\"et_pb_counter_1 et_pb_counter\"><span class=\"et_pb_counter_title\">Automation<\/span><span class=\"et_pb_counter_container\"><span class=\"et_pb_counter_amount\" data-width=\"36%\"><span class=\"et_pb_counter_amount_number\"><span class=\"et_pb_counter_amount_number_inner\">36%<\/span><\/span><\/span><span class=\"et_pb_counter_amount overlay\" data-width=\"36%\"><span class=\"et_pb_counter_amount_number\"><span class=\"et_pb_counter_amount_number_inner\">36%<\/span><\/span><\/span><\/span><\/li><li class=\"et_pb_counter_2 et_pb_counter\"><span class=\"et_pb_counter_title\">Marketing y Ventas<\/span><span class=\"et_pb_counter_container\"><span class=\"et_pb_counter_amount\" data-width=\"35%\"><span class=\"et_pb_counter_amount_number\"><span class=\"et_pb_counter_amount_number_inner\">35%<\/span><\/span><\/span><span class=\"et_pb_counter_amount overlay\" data-width=\"35%\"><span class=\"et_pb_counter_amount_number\"><span class=\"et_pb_counter_amount_number_inner\">35%<\/span><\/span><\/span><\/span><\/li><\/ul><\/div><\/div><div class=\"et_pb_row_11 et_pb_row et_block_row\"><div class=\"et_pb_column_17 et_pb_column et_pb_column_4_4 et-last-child et_block_column et_pb_css_mix_blend_mode_passthrough\"><div class=\"et_pb_text_10 et_pb_text et_pb_bg_layout_light et_pb_module et_block_module\"><div class=\"et_pb_text_inner\"><blockquote>\n<h4 style=\"text-align: justify;\"><em>El Indice Global de Adopci\u00f3n de la <span style=\"color: #3366ff;\"><strong>IA (Al Adoption Index)<\/strong><\/span> de <span style=\"color: #3366ff;\">IBM<\/span>, es un estudio anual sobre las tendencias de adopci\u00f3n de la IA en los principales mercados del mundo.<\/em><br \/><em>En noviembre 2023, se public\u00f3 la ata edici\u00f3n, con una muestra representativa de 8.584 profesionales de TI en 21 pa\u00edses, incluidos Argentina, Brasil, Chile, Colombia, M\u00e9xico y Per\u00fa.<\/em><\/h4>\n<\/blockquote>\n<\/div><\/div><\/div><\/div><div class=\"et_pb_row_12 et_pb_row et_block_row\"><div class=\"et_pb_column_18 et_pb_column et_pb_column_3_5 et_block_column et_pb_css_mix_blend_mode_passthrough\"><div class=\"et_pb_text_11 et_pb_text et_pb_bg_layout_light et_pb_module et_block_module\"><div class=\"et_pb_text_inner\"><h4 style=\"text-align: justify;\"><span>Siguiendo la tendencia global, la mayor barrera para la adopci\u00f3n de IA en las empresas de la regi\u00f3n son las habilidades, experiencia y conocimientos limitados en esta tecnolog\u00eda (32%). Sin embargo, para abordar esta problem\u00e1tica, el 38% de las empresas de Latinoam\u00e9rica planean invertir en capacitaci\u00f3n y desarrollo de la fuerza laboral durante los pr\u00f3ximos 12 meses.<\/span><\/h4>\n<\/div><\/div><div class=\"et_pb_divider_2 et_pb_divider et_pb_space et_pb_divider_position_top et_pb_module\"><div class=\"et_pb_divider_internal\"><\/div><\/div><div class=\"et_pb_text_12 et_pb_text et_pb_bg_layout_light et_pb_module et_block_module\"><div class=\"et_pb_text_inner\"><h4 style=\"text-align: justify;\"><span style=\"color: #ff0000;\"><strong><em>Conoce c\u00f3mo nuestra estrategia de integraci\u00f3n \u00e1gil te permitir\u00e1 aprovechar al m\u00e1ximo la inteligencia artificial en tu empresa.<\/em><\/strong><\/span><\/h4>\n<\/div><\/div><div class=\"et_pb_module et_pb_button_module_wrapper et_pb_button_0_wrapper\"><a class=\"et_pb_button_0 et_pb_button et_pb_bg_layout_light et_pb_module et_block_module\" href=\"https:\/\/assist.com.co\/en\/integracion-agile-api\/\">Discover More<\/a><\/div><\/div><div class=\"et_pb_column_19 et_pb_column et_pb_column_2_5 et-last-child et_block_column et_pb_css_mix_blend_mode_passthrough\"><div class=\"et_pb_image_2 et_pb_image et_pb_module et_block_module\"><span class=\"et_pb_image_wrap\"><img loading=\"lazy\" decoding=\"async\" src=\"https:\/\/assist.com.co\/wp-content\/uploads\/2024\/07\/inteligencia-artificial-tecnologia.webp\" width=\"1333\" height=\"2000\" srcset=\"https:\/\/assist.com.co\/wp-content\/uploads\/2024\/07\/inteligencia-artificial-tecnologia.webp 1333w, https:\/\/assist.com.co\/wp-content\/uploads\/2024\/07\/inteligencia-artificial-tecnologia-1280x1920.webp 1280w, https:\/\/assist.com.co\/wp-content\/uploads\/2024\/07\/inteligencia-artificial-tecnologia-980x1470.webp 980w, https:\/\/assist.com.co\/wp-content\/uploads\/2024\/07\/inteligencia-artificial-tecnologia-480x720.webp 480w\" sizes=\"(min-width: 0px) and (max-width: 480px) 480px, (min-width: 481px) and (max-width: 980px) 980px, (min-width: 981px) and (max-width: 1280px) 1280px, (min-width: 1281px) 1333px, 100vw\" class=\"wp-image-19233\" title=\"inteligencia-artificial-tecnologia\" alt=\"inteligencia-artificial-tecnologia\" \/><\/span><\/div><\/div><\/div><div class=\"et_pb_row_13 et_pb_row et_block_row\"><div class=\"et_pb_column_20 et_pb_column et_pb_column_2_5 et_block_column et_pb_css_mix_blend_mode_passthrough\"><div class=\"et_pb_image_3 et_pb_image et_pb_module et_block_module\"><span class=\"et_pb_image_wrap\"><img loading=\"lazy\" decoding=\"async\" src=\"https:\/\/assist.com.co\/wp-content\/uploads\/2024\/07\/ia-etica.png\" width=\"1404\" height=\"792\" srcset=\"https:\/\/assist.com.co\/wp-content\/uploads\/2024\/07\/ia-etica.png 1404w, https:\/\/assist.com.co\/wp-content\/uploads\/2024\/07\/ia-etica-1280x722.png 1280w, https:\/\/assist.com.co\/wp-content\/uploads\/2024\/07\/ia-etica-980x553.png 980w, https:\/\/assist.com.co\/wp-content\/uploads\/2024\/07\/ia-etica-480x271.png 480w\" sizes=\"(min-width: 0px) and (max-width: 480px) 480px, (min-width: 481px) and (max-width: 980px) 980px, (min-width: 981px) and (max-width: 1280px) 1280px, (min-width: 1281px) 1404px, 100vw\" class=\"wp-image-19221\" title=\"ia-etica\" alt=\"ia-etica\" \/><\/span><\/div><\/div><div class=\"et_pb_column_21 et_pb_column et_pb_column_3_5 et-last-child et_block_column et_pb_css_mix_blend_mode_passthrough\"><div class=\"et_pb_text_13 et_pb_text et_pb_bg_layout_light et_pb_module et_block_module\"><div class=\"et_pb_text_inner\"><h4 style=\"text-align: justify;\"><span>En Am\u00e9rica Latina existe una fuerte conciencia sobre la IA \u00e9tica y la responsabilidad entre las empresas. El 90% de los profesionales de TI concuerdan o est\u00e1n algo de acuerdo en que es m\u00e1s probable que los consumidores elijan los servicios de una empresa que ofrece transparencia y un marco \u00e9tico sobre c\u00f3mo se construyen, gestionan y utilizan sus datos y modelos de IA. El 92% tambi\u00e9n dijo que tener la capacidad de gobernar los datos y la IA a lo largo de todo el ciclo de vida es un aspecto importante de la confianza y la explicabilidad en la IA.<\/span><\/h4>\n<\/div><\/div><\/div><\/div><div class=\"et_pb_row_14 et_pb_row et_block_row\"><div class=\"et_pb_column_22 et_pb_column et_pb_column_3_5 et_block_column et_pb_css_mix_blend_mode_passthrough\"><div class=\"et_pb_text_14 et_pb_text et_pb_bg_layout_light et_pb_module et_block_module\"><div class=\"et_pb_text_inner\"><h4 style=\"text-align: justify;\">La investigaci\u00f3n tambi\u00e9n destaca los casos de uso m\u00e1s comunes de IA entre las empresas de Latinoam\u00e9rica que actualmente exploran o implementan IA. Algunos de ellos incluyen: mano de obra digital (39%), automatizaci\u00f3n de procesos de TI (36%), y marketing y ventas (35%). Por otro lado, algunos usos en etapas tempranas de adopci\u00f3n fueron: diagn\u00f3stico sanitario (8%), an\u00e1lisis de riesgos ambientales (10%) y sostenibilidad (16%).<\/h4>\n<p>&nbsp;<\/p>\n<\/div><\/div><\/div><div class=\"et_pb_column_23 et_pb_column et_pb_column_2_5 et-last-child et_block_column et_pb_css_mix_blend_mode_passthrough\"><div class=\"et_pb_image_4 et_pb_image et_pb_module et_block_module\"><span class=\"et_pb_image_wrap\"><img loading=\"lazy\" decoding=\"async\" src=\"https:\/\/assist.com.co\/wp-content\/uploads\/2024\/07\/automatizacion-it.webp\" width=\"1000\" height=\"667\" srcset=\"https:\/\/assist.com.co\/wp-content\/uploads\/2024\/07\/automatizacion-it.webp 1000w, https:\/\/assist.com.co\/wp-content\/uploads\/2024\/07\/automatizacion-it-980x654.webp 980w, https:\/\/assist.com.co\/wp-content\/uploads\/2024\/07\/automatizacion-it-480x320.webp 480w\" sizes=\"(min-width: 0px) and (max-width: 480px) 480px, (min-width: 481px) and (max-width: 980px) 980px, (min-width: 981px) 1000px, 100vw\" class=\"wp-image-19223\" title=\"automatizaci\u00f3n-it\" alt=\"automatizaci\u00f3n-it\" \/><\/span><\/div><\/div><\/div><div class=\"et_pb_row_15 et_pb_row et_block_row\"><div class=\"et_pb_column_24 et_pb_column et_pb_column_1_3 et_block_column et_pb_css_mix_blend_mode_passthrough\"><div class=\"et_pb_image_5 et_pb_image et_pb_module et_block_module\"><span class=\"et_pb_image_wrap\"><img loading=\"lazy\" decoding=\"async\" src=\"https:\/\/assist.com.co\/wp-content\/uploads\/2024\/07\/ti-latam.png\" width=\"1080\" height=\"1080\" srcset=\"https:\/\/assist.com.co\/wp-content\/uploads\/2024\/07\/ti-latam.png 1080w, https:\/\/assist.com.co\/wp-content\/uploads\/2024\/07\/ti-latam-980x980.png 980w, https:\/\/assist.com.co\/wp-content\/uploads\/2024\/07\/ti-latam-480x480.png 480w\" sizes=\"(min-width: 0px) and (max-width: 480px) 480px, (min-width: 481px) and (max-width: 980px) 980px, (min-width: 981px) 1080px, 100vw\" class=\"wp-image-19222\" title=\"ti-latam\" alt=\"ti-latam\" \/><\/span><\/div><\/div><div class=\"et_pb_column_25 et_pb_column et_pb_column_2_3 et-last-child et_block_column et_pb_css_mix_blend_mode_passthrough\"><div class=\"et_pb_text_15 et_pb_text et_pb_bg_layout_light et_pb_module et_block_module\"><div class=\"et_pb_text_inner\"><blockquote>\n<h4 style=\"text-align: justify;\">Esta investigaci\u00f3n se realiz\u00f3 en noviembre de 2023 entre una muestra representativa de 8.584 Profesionales de TI en Australia, Canad\u00e1, China, Francia, Alemania, India, Italia, Jap\u00f3n, Singapur, Corea del Sur, Espa\u00f1a, Emiratos \u00c1rabes Unidos, Reino Unido, Estados Unidos y LATAM (Argentina, Brasil, Chile, Colombia,\u00a0 M\u00e9xico, y Per\u00fa).\u00a0 Para calificar para la encuesta, los participantes deben ser empleados a tiempo completo, trabajar en empresas con m\u00e1s de 1 empleado, trabajar en un rol de gerente o de nivel superior, y tener al menos alg\u00fan conocimiento sobre c\u00f3mo opera y es utilizado por su empresa.\u00a0 Los resultados globales tienen un margen de error de +\/-1 punto porcentual.<\/h4>\n<\/blockquote>\n<\/div><\/div><\/div><\/div><div class=\"et_pb_row_16 et_pb_row et_block_row\"><div class=\"et_pb_column_26 et_pb_column et_pb_column_2_3 et_block_column et_pb_css_mix_blend_mode_passthrough\"><div class=\"et_pb_text_16 et_pb_text et_pb_bg_layout_light et_pb_module et_block_module\"><div class=\"et_pb_text_inner\"><h2><em>Solicite una consulta personalizada<\/em><\/h2>\n<\/div><\/div><div class=\"et_pb_divider_3 et_pb_divider et_pb_space et_pb_divider_position_top et_pb_module\"><div class=\"et_pb_divider_internal\"><\/div><\/div><div class=\"et_pb_text_17 et_pb_text et_pb_bg_layout_light et_pb_module et_block_module\"><div class=\"et_pb_text_inner\"><h3 style=\"text-align: justify;\">Nuestro equipo de expertos en inteligencia artificial est\u00e1 listo para ayudarte a integrar soluciones de IA de manera \u00e1gil y eficiente en tu negocio. Programa una consulta personalizada y descubre c\u00f3mo podemos transformar los procesos de tu empresa<\/h3>\n<\/div><\/div><div class=\"et_pb_module et_pb_button_module_wrapper et_pb_button_1_wrapper\"><a class=\"et_pb_button_1 et_pb_button et_pb_bg_layout_light et_pb_module et_block_module\" href=\"https:\/\/assist.com.co\/en\/solicitudes\/\">Let\u2019s talk! <\/a><\/div><\/div><div class=\"et_pb_column_27 et_pb_column et_pb_column_1_3 et-last-child et_block_column et_pb_column_empty et_pb_css_mix_blend_mode_passthrough\"><\/div><\/div><\/div><div class=\"et_pb_section_1 et_pb_section et_section_regular et_block_section preset--module--divi-section--default\"><div class=\"et_pb_row_17 et_pb_row et_block_row\"><div class=\"et_pb_column_28 et_pb_column et_pb_column_4_4 et-last-child et_block_column et_pb_css_mix_blend_mode_passthrough\"><div class=\"et_pb_testimonial_0 et_pb_testimonial et_pb_testimonial_no_image et_pb_bg_layout_light et_pb_module et_block_module\"><div class=\"et_pb_testimonial_inner\"><div class=\"et_pb_testimonial_description\"><div class=\"et_pb_testimonial_description_inner\"><div class=\"et_pb_testimonial_content\"><p><strong><em>Fuente: https:\/\/latam.newsroom.ibm.com\/2024-03-20-IBM-empresas-de-Latinoamerica-aceleraron-el-uso-de-Inteligencia-Artificial-en-67<\/em><\/strong><\/p>\n<\/div><\/div><div class=\"et_pb_testimonial_meta\"><\/div><\/div><\/div><\/div><\/div><\/div><\/div>","protected":false},"excerpt":{"rendered":"","protected":false},"author":1,"featured_media":19226,"comment_status":"open","ping_status":"open","sticky":false,"template":"","format":"standard","meta":{"inline_featured_image":false,"footnotes":""},"categories":[12,16],"tags":[],"class_list":["post-19213","post","type-post","status-publish","format-standard","has-post-thumbnail","hentry","category-aliados-estrategicos","category-tendencias"],"yoast_head":"<!-- This site is optimized with the Yoast SEO Premium plugin v25.2 (Yoast SEO v27.5) - https:\/\/yoast.com\/product\/yoast-seo-premium-wordpress\/ -->\n<title>La adopci\u00f3n de la Inteligencia Artificial en los negocios - Assist Consultores<\/title>\n<meta name=\"description\" content=\"La mayor oportunidad de la d\u00e9cada para aumentar la competitividad empresarial.\" \/>\n<meta name=\"robots\" content=\"index, follow, max-snippet:-1, max-image-preview:large, max-video-preview:-1\" \/>\n<link rel=\"canonical\" href=\"https:\/\/assist.com.co\/en\/2024\/07\/03\/inteligencia-artificial-en-los-negocios-de-america-latina\/\" \/>\n<meta property=\"og:locale\" content=\"en_US\" \/>\n<meta property=\"og:type\" content=\"article\" \/>\n<meta property=\"og:title\" content=\"La adopci\u00f3n de la Inteligencia Artificial en los negocios\" \/>\n<meta property=\"og:description\" content=\"La mayor oportunidad de la d\u00e9cada para aumentar la competitividad empresarial.\" \/>\n<meta property=\"og:url\" content=\"https:\/\/assist.com.co\/en\/2024\/07\/03\/inteligencia-artificial-en-los-negocios-de-america-latina\/\" \/>\n<meta property=\"og:site_name\" content=\"Assist Consultores\" \/>\n<meta property=\"article:published_time\" content=\"2024-07-03T21:42:42+00:00\" \/>\n<meta property=\"article:modified_time\" content=\"2026-02-25T15:21:34+00:00\" \/>\n<meta property=\"og:image\" content=\"https:\/\/assist.com.co\/wp-content\/uploads\/2024\/07\/ia-en-america-latina.jpg\" \/>\n\t<meta property=\"og:image:width\" content=\"1080\" \/>\n\t<meta property=\"og:image:height\" content=\"672\" \/>\n\t<meta property=\"og:image:type\" content=\"image\/jpeg\" \/>\n<meta name=\"author\" content=\"admin\" \/>\n<meta name=\"twitter:card\" content=\"summary_large_image\" \/>\n<meta name=\"twitter:label1\" content=\"Written by\" \/>\n\t<meta name=\"twitter:data1\" content=\"admin\" \/>\n\t<meta name=\"twitter:label2\" content=\"Est. reading time\" \/>\n\t<meta name=\"twitter:data2\" content=\"5 minutes\" \/>\n<script type=\"application\/ld+json\" class=\"yoast-schema-graph\">{\"@context\":\"https:\\\/\\\/schema.org\",\"@graph\":[{\"@type\":\"Article\",\"@id\":\"https:\\\/\\\/assist.com.co\\\/2024\\\/07\\\/03\\\/inteligencia-artificial-en-los-negocios-de-america-latina\\\/#article\",\"isPartOf\":{\"@id\":\"https:\\\/\\\/assist.com.co\\\/2024\\\/07\\\/03\\\/inteligencia-artificial-en-los-negocios-de-america-latina\\\/\"},\"author\":{\"name\":\"admin\",\"@id\":\"https:\\\/\\\/assist.com.co\\\/#\\\/schema\\\/person\\\/fbee2552fee4649b11fec6a1d78fe2dc\"},\"headline\":\"La adopci\u00f3n de la Inteligencia Artificial en los negocios\",\"datePublished\":\"2024-07-03T21:42:42+00:00\",\"dateModified\":\"2026-02-25T15:21:34+00:00\",\"mainEntityOfPage\":{\"@id\":\"https:\\\/\\\/assist.com.co\\\/2024\\\/07\\\/03\\\/inteligencia-artificial-en-los-negocios-de-america-latina\\\/\"},\"wordCount\":10,\"commentCount\":0,\"image\":{\"@id\":\"https:\\\/\\\/assist.com.co\\\/2024\\\/07\\\/03\\\/inteligencia-artificial-en-los-negocios-de-america-latina\\\/#primaryimage\"},\"thumbnailUrl\":\"https:\\\/\\\/assist.com.co\\\/wp-content\\\/uploads\\\/2024\\\/07\\\/ia-en-america-latina.jpg\",\"articleSection\":[\"Aliados Estrat\u00e9gicos\",\"Tendencias\"],\"inLanguage\":\"en-US\",\"potentialAction\":[{\"@type\":\"CommentAction\",\"name\":\"Comment\",\"target\":[\"https:\\\/\\\/assist.com.co\\\/2024\\\/07\\\/03\\\/inteligencia-artificial-en-los-negocios-de-america-latina\\\/#respond\"]}]},{\"@type\":\"WebPage\",\"@id\":\"https:\\\/\\\/assist.com.co\\\/2024\\\/07\\\/03\\\/inteligencia-artificial-en-los-negocios-de-america-latina\\\/\",\"url\":\"https:\\\/\\\/assist.com.co\\\/2024\\\/07\\\/03\\\/inteligencia-artificial-en-los-negocios-de-america-latina\\\/\",\"name\":\"La adopci\u00f3n de la Inteligencia Artificial en los negocios - Assist Consultores\",\"isPartOf\":{\"@id\":\"https:\\\/\\\/assist.com.co\\\/#website\"},\"primaryImageOfPage\":{\"@id\":\"https:\\\/\\\/assist.com.co\\\/2024\\\/07\\\/03\\\/inteligencia-artificial-en-los-negocios-de-america-latina\\\/#primaryimage\"},\"image\":{\"@id\":\"https:\\\/\\\/assist.com.co\\\/2024\\\/07\\\/03\\\/inteligencia-artificial-en-los-negocios-de-america-latina\\\/#primaryimage\"},\"thumbnailUrl\":\"https:\\\/\\\/assist.com.co\\\/wp-content\\\/uploads\\\/2024\\\/07\\\/ia-en-america-latina.jpg\",\"datePublished\":\"2024-07-03T21:42:42+00:00\",\"dateModified\":\"2026-02-25T15:21:34+00:00\",\"author\":{\"@id\":\"https:\\\/\\\/assist.com.co\\\/#\\\/schema\\\/person\\\/fbee2552fee4649b11fec6a1d78fe2dc\"},\"description\":\"La mayor oportunidad de la d\u00e9cada para aumentar la competitividad empresarial.\",\"breadcrumb\":{\"@id\":\"https:\\\/\\\/assist.com.co\\\/2024\\\/07\\\/03\\\/inteligencia-artificial-en-los-negocios-de-america-latina\\\/#breadcrumb\"},\"inLanguage\":\"en-US\",\"potentialAction\":[{\"@type\":\"ReadAction\",\"target\":[\"https:\\\/\\\/assist.com.co\\\/2024\\\/07\\\/03\\\/inteligencia-artificial-en-los-negocios-de-america-latina\\\/\"]}]},{\"@type\":\"ImageObject\",\"inLanguage\":\"en-US\",\"@id\":\"https:\\\/\\\/assist.com.co\\\/2024\\\/07\\\/03\\\/inteligencia-artificial-en-los-negocios-de-america-latina\\\/#primaryimage\",\"url\":\"https:\\\/\\\/assist.com.co\\\/wp-content\\\/uploads\\\/2024\\\/07\\\/ia-en-america-latina.jpg\",\"contentUrl\":\"https:\\\/\\\/assist.com.co\\\/wp-content\\\/uploads\\\/2024\\\/07\\\/ia-en-america-latina.jpg\",\"width\":1080,\"height\":672,\"caption\":\"ia-en-america-latina\"},{\"@type\":\"BreadcrumbList\",\"@id\":\"https:\\\/\\\/assist.com.co\\\/2024\\\/07\\\/03\\\/inteligencia-artificial-en-los-negocios-de-america-latina\\\/#breadcrumb\",\"itemListElement\":[{\"@type\":\"ListItem\",\"position\":1,\"name\":\"Home\",\"item\":\"https:\\\/\\\/assist.com.co\\\/\"},{\"@type\":\"ListItem\",\"position\":2,\"name\":\"La adopci\u00f3n de la Inteligencia Artificial en los negocios\"}]},{\"@type\":\"WebSite\",\"@id\":\"https:\\\/\\\/assist.com.co\\\/#website\",\"url\":\"https:\\\/\\\/assist.com.co\\\/\",\"name\":\"Assist Consultores\",\"description\":\"Transformando Capacidades Empresariales en Sistemas Innovadores\",\"potentialAction\":[{\"@type\":\"SearchAction\",\"target\":{\"@type\":\"EntryPoint\",\"urlTemplate\":\"https:\\\/\\\/assist.com.co\\\/?s={search_term_string}\"},\"query-input\":{\"@type\":\"PropertyValueSpecification\",\"valueRequired\":true,\"valueName\":\"search_term_string\"}}],\"inLanguage\":\"en-US\"},{\"@type\":\"Person\",\"@id\":\"https:\\\/\\\/assist.com.co\\\/#\\\/schema\\\/person\\\/fbee2552fee4649b11fec6a1d78fe2dc\",\"name\":\"admin\",\"image\":{\"@type\":\"ImageObject\",\"inLanguage\":\"en-US\",\"@id\":\"https:\\\/\\\/secure.gravatar.com\\\/avatar\\\/a59c92c965ba4ee02ed66344047435e016b0c2c383ea3e4f8b6042fe7b58ee09?s=96&d=mm&r=g\",\"url\":\"https:\\\/\\\/secure.gravatar.com\\\/avatar\\\/a59c92c965ba4ee02ed66344047435e016b0c2c383ea3e4f8b6042fe7b58ee09?s=96&d=mm&r=g\",\"contentUrl\":\"https:\\\/\\\/secure.gravatar.com\\\/avatar\\\/a59c92c965ba4ee02ed66344047435e016b0c2c383ea3e4f8b6042fe7b58ee09?s=96&d=mm&r=g\",\"caption\":\"admin\"},\"url\":\"https:\\\/\\\/assist.com.co\\\/en\\\/author\\\/administrador-assist\\\/\"}]}<\/script>\n<!-- \/ Yoast SEO Premium plugin. -->","yoast_head_json":{"title":"La adopci\u00f3n de la Inteligencia Artificial en los negocios - Assist Consultores","description":"La mayor oportunidad de la d\u00e9cada para aumentar la competitividad empresarial.","robots":{"index":"index","follow":"follow","max-snippet":"max-snippet:-1","max-image-preview":"max-image-preview:large","max-video-preview":"max-video-preview:-1"},"canonical":"https:\/\/assist.com.co\/en\/2024\/07\/03\/inteligencia-artificial-en-los-negocios-de-america-latina\/","og_locale":"en_US","og_type":"article","og_title":"La adopci\u00f3n de la Inteligencia Artificial en los negocios","og_description":"La mayor oportunidad de la d\u00e9cada para aumentar la competitividad empresarial.","og_url":"https:\/\/assist.com.co\/en\/2024\/07\/03\/inteligencia-artificial-en-los-negocios-de-america-latina\/","og_site_name":"Assist Consultores","article_published_time":"2024-07-03T21:42:42+00:00","article_modified_time":"2026-02-25T15:21:34+00:00","og_image":[{"width":1080,"height":672,"url":"https:\/\/assist.com.co\/wp-content\/uploads\/2024\/07\/ia-en-america-latina.jpg","type":"image\/jpeg"}],"author":"admin","twitter_card":"summary_large_image","twitter_misc":{"Written by":"admin","Est. reading time":"5 minutes"},"schema":{"@context":"https:\/\/schema.org","@graph":[{"@type":"Article","@id":"https:\/\/assist.com.co\/2024\/07\/03\/inteligencia-artificial-en-los-negocios-de-america-latina\/#article","isPartOf":{"@id":"https:\/\/assist.com.co\/2024\/07\/03\/inteligencia-artificial-en-los-negocios-de-america-latina\/"},"author":{"name":"admin","@id":"https:\/\/assist.com.co\/#\/schema\/person\/fbee2552fee4649b11fec6a1d78fe2dc"},"headline":"La adopci\u00f3n de la Inteligencia Artificial en los negocios","datePublished":"2024-07-03T21:42:42+00:00","dateModified":"2026-02-25T15:21:34+00:00","mainEntityOfPage":{"@id":"https:\/\/assist.com.co\/2024\/07\/03\/inteligencia-artificial-en-los-negocios-de-america-latina\/"},"wordCount":10,"commentCount":0,"image":{"@id":"https:\/\/assist.com.co\/2024\/07\/03\/inteligencia-artificial-en-los-negocios-de-america-latina\/#primaryimage"},"thumbnailUrl":"https:\/\/assist.com.co\/wp-content\/uploads\/2024\/07\/ia-en-america-latina.jpg","articleSection":["Aliados Estrat\u00e9gicos","Tendencias"],"inLanguage":"en-US","potentialAction":[{"@type":"CommentAction","name":"Comment","target":["https:\/\/assist.com.co\/2024\/07\/03\/inteligencia-artificial-en-los-negocios-de-america-latina\/#respond"]}]},{"@type":"WebPage","@id":"https:\/\/assist.com.co\/2024\/07\/03\/inteligencia-artificial-en-los-negocios-de-america-latina\/","url":"https:\/\/assist.com.co\/2024\/07\/03\/inteligencia-artificial-en-los-negocios-de-america-latina\/","name":"La adopci\u00f3n de la Inteligencia Artificial en los negocios - Assist Consultores","isPartOf":{"@id":"https:\/\/assist.com.co\/#website"},"primaryImageOfPage":{"@id":"https:\/\/assist.com.co\/2024\/07\/03\/inteligencia-artificial-en-los-negocios-de-america-latina\/#primaryimage"},"image":{"@id":"https:\/\/assist.com.co\/2024\/07\/03\/inteligencia-artificial-en-los-negocios-de-america-latina\/#primaryimage"},"thumbnailUrl":"https:\/\/assist.com.co\/wp-content\/uploads\/2024\/07\/ia-en-america-latina.jpg","datePublished":"2024-07-03T21:42:42+00:00","dateModified":"2026-02-25T15:21:34+00:00","author":{"@id":"https:\/\/assist.com.co\/#\/schema\/person\/fbee2552fee4649b11fec6a1d78fe2dc"},"description":"La mayor oportunidad de la d\u00e9cada para aumentar la competitividad empresarial.","breadcrumb":{"@id":"https:\/\/assist.com.co\/2024\/07\/03\/inteligencia-artificial-en-los-negocios-de-america-latina\/#breadcrumb"},"inLanguage":"en-US","potentialAction":[{"@type":"ReadAction","target":["https:\/\/assist.com.co\/2024\/07\/03\/inteligencia-artificial-en-los-negocios-de-america-latina\/"]}]},{"@type":"ImageObject","inLanguage":"en-US","@id":"https:\/\/assist.com.co\/2024\/07\/03\/inteligencia-artificial-en-los-negocios-de-america-latina\/#primaryimage","url":"https:\/\/assist.com.co\/wp-content\/uploads\/2024\/07\/ia-en-america-latina.jpg","contentUrl":"https:\/\/assist.com.co\/wp-content\/uploads\/2024\/07\/ia-en-america-latina.jpg","width":1080,"height":672,"caption":"ia-en-america-latina"},{"@type":"BreadcrumbList","@id":"https:\/\/assist.com.co\/2024\/07\/03\/inteligencia-artificial-en-los-negocios-de-america-latina\/#breadcrumb","itemListElement":[{"@type":"ListItem","position":1,"name":"Home","item":"https:\/\/assist.com.co\/"},{"@type":"ListItem","position":2,"name":"La adopci\u00f3n de la Inteligencia Artificial en los negocios"}]},{"@type":"WebSite","@id":"https:\/\/assist.com.co\/#website","url":"https:\/\/assist.com.co\/","name":"Assist Consultores","description":"Transformando Capacidades Empresariales en Sistemas Innovadores","potentialAction":[{"@type":"SearchAction","target":{"@type":"EntryPoint","urlTemplate":"https:\/\/assist.com.co\/?s={search_term_string}"},"query-input":{"@type":"PropertyValueSpecification","valueRequired":true,"valueName":"search_term_string"}}],"inLanguage":"en-US"},{"@type":"Person","@id":"https:\/\/assist.com.co\/#\/schema\/person\/fbee2552fee4649b11fec6a1d78fe2dc","name":"admin","image":{"@type":"ImageObject","inLanguage":"en-US","@id":"https:\/\/secure.gravatar.com\/avatar\/a59c92c965ba4ee02ed66344047435e016b0c2c383ea3e4f8b6042fe7b58ee09?s=96&d=mm&r=g","url":"https:\/\/secure.gravatar.com\/avatar\/a59c92c965ba4ee02ed66344047435e016b0c2c383ea3e4f8b6042fe7b58ee09?s=96&d=mm&r=g","contentUrl":"https:\/\/secure.gravatar.com\/avatar\/a59c92c965ba4ee02ed66344047435e016b0c2c383ea3e4f8b6042fe7b58ee09?s=96&d=mm&r=g","caption":"admin"},"url":"https:\/\/assist.com.co\/en\/author\/administrador-assist\/"}]}},"_links":{"self":[{"href":"https:\/\/assist.com.co\/en\/wp-json\/wp\/v2\/posts\/19213","targetHints":{"allow":["GET"]}}],"collection":[{"href":"https:\/\/assist.com.co\/en\/wp-json\/wp\/v2\/posts"}],"about":[{"href":"https:\/\/assist.com.co\/en\/wp-json\/wp\/v2\/types\/post"}],"author":[{"embeddable":true,"href":"https:\/\/assist.com.co\/en\/wp-json\/wp\/v2\/users\/1"}],"replies":[{"embeddable":true,"href":"https:\/\/assist.com.co\/en\/wp-json\/wp\/v2\/comments?post=19213"}],"version-history":[{"count":6,"href":"https:\/\/assist.com.co\/en\/wp-json\/wp\/v2\/posts\/19213\/revisions"}],"predecessor-version":[{"id":24072,"href":"https:\/\/assist.com.co\/en\/wp-json\/wp\/v2\/posts\/19213\/revisions\/24072"}],"wp:featuredmedia":[{"embeddable":true,"href":"https:\/\/assist.com.co\/en\/wp-json\/wp\/v2\/media\/19226"}],"wp:attachment":[{"href":"https:\/\/assist.com.co\/en\/wp-json\/wp\/v2\/media?parent=19213"}],"wp:term":[{"taxonomy":"category","embeddable":true,"href":"https:\/\/assist.com.co\/en\/wp-json\/wp\/v2\/categories?post=19213"},{"taxonomy":"post_tag","embeddable":true,"href":"https:\/\/assist.com.co\/en\/wp-json\/wp\/v2\/tags?post=19213"}],"curies":[{"name":"wp","href":"https:\/\/api.w.org\/{rel}","templated":true}]}}